{"id":2035,"date":"2024-03-01T16:54:46","date_gmt":"2024-03-01T16:54:46","guid":{"rendered":"https:\/\/molar.sudurnesjabaer.is\/?p=2035"},"modified":"2024-03-01T16:54:46","modified_gmt":"2024-03-01T16:54:46","slug":"hlaupar","status":"publish","type":"post","link":"https:\/\/molar.sudurnesjabaer.is\/?p=2035","title":{"rendered":"Hlaup\u00e1r"},"content":{"rendered":"\n<p><strong>Hlaup\u00e1rsdagurinn 29. febr\u00faar<\/strong><\/p>\n\n\n\n<p>\u00c1 fj\u00f6gurra \u00e1ra fresti er svokalla\u00f0 hlaup\u00e1r og \u00feau \u00e1r telur febr\u00faarm\u00e1nu\u00f0ur 29 daga en ekki 28 daga eins og \u00f6nnur \u00e1r. \u00cd almanaki H\u00e1sk\u00f3la \u00cdslands er eftirfarandi almanakssk\u00fdring \u00e1 hlaup\u00e1ri: \u201eHlaup\u00e1r er almanaks\u00e1r sem er degi lengra en venjuleg almanaks\u00e1r, \u00fe.e. 366 dagar \u00ed sta\u00f0 365. Hlaup\u00e1r eru alltaf \u00feegar talan 4 gengur upp \u00ed \u00e1rtalinu, nema \u00e1 aldam\u00f3tum \u00feegar \u00e1rtali\u00f0 endar \u00e1 00. \u00de\u00e1 er hlaup\u00e1r a\u00f0eins \u00feegar talan 400 gengur upp \u00ed \u00e1rtalinu. Aukadeginum sem nefndur er hlaup\u00e1rsdagur, er auki\u00f0 vi\u00f0 febr\u00faarm\u00e1nu\u00f0. Nafni\u00f0 hlaup\u00e1r mun dregi\u00f0 af \u00fev\u00ed, a\u00f0 merkisdagar eftir hlaup\u00e1rsdag \u201ehlaupa yfir\u201c \u00feann vikudag sem \u00feeir myndu annars falla \u00e1. Reglur um hlaup\u00e1r eru nau\u00f0synlegar til a\u00f0 fella almanaks\u00e1ri\u00f0 a\u00f0 \u00e1rst\u00ed\u00f0a\u00e1rinu, sem ekki telur heila t\u00f6lu daga\u201c.<\/p>\n\n\n\n<p>Allmargir hafa f\u00e6\u00f0st \u00e1 hlaup\u00e1rsdegi \u00feann 29.febr\u00faar. \u00dea\u00f0 hl\u00fdtur a\u00f0 vera s\u00e9rstakt fyrir vi\u00f0komandi a\u00f0 sj\u00e1lfur afm\u00e6lisdagurinn s\u00e9 fj\u00f3r\u00f0a hvert \u00e1r. \u00dea\u00f0 er \u00fev\u00ed full \u00e1st\u00e6\u00f0a til a\u00f0 \u00f3ska \u00f6llum afm\u00e6lisb\u00f6rnum sem f\u00e6ddust 29.febr\u00faar s\u00e9rstaklega til hamingju me\u00f0 afm\u00e6lisdaginn \u00ed g\u00e6r, \u00feann 29.febr\u00faar 2024.<\/p>\n\n\n\n<p><strong>B\u00e6jarr\u00e1\u00f0 \u00ed vikunni<\/strong><\/p>\n\n\n\n<p>Fundur var \u00ed b\u00e6jarr\u00e1\u00f0i Su\u00f0urnesjab\u00e6jar n\u00fa \u00ed vikunni og a\u00f0 vanda voru \u00fdmis m\u00e1l \u00far \u00fdmsum \u00e1ttum \u00e1 dagskr\u00e1 fundarins. \u00cd upphafi fundar komu starfsmenn Kadeco sem gestir \u00e1 fundinn og kynntu \u00fer\u00f3unar\u00e1\u00e6tlunina HB64, sem n\u00e6r yfir landsv\u00e6\u00f0i\u00f0 Helguv\u00edk og Bergv\u00edk. Spennandi verkefni sem fr\u00f3\u00f0legt ver\u00f0ur a\u00f0 fylgjast me\u00f0 \u00e1 n\u00e6stu misserum og \u00e1rum. Fjalla\u00f0 var um \u00ed\u00fer\u00f3ttamannvirki og \u00ed\u00fer\u00f3ttam\u00e1l, gestur fundarins vegna \u00feessa dagskr\u00e1rli\u00f0ar var Unnur \u00ddr Kristinsd\u00f3ttir \u00ed\u00fer\u00f3tta-og t\u00f3mstundafulltr\u00fai. \u00de\u00e1 var fjalla\u00f0 um h\u00fasn\u00e6\u00f0is\u00e1\u00e6tlun Su\u00f0urnesjab\u00e6jar, henni v\u00edsa\u00f0 til sta\u00f0festingar hj\u00e1 b\u00e6jarstj\u00f3rn. Me\u00f0al annarra m\u00e1la m\u00e1 m.a. nefna fundarger\u00f0 verkefnish\u00f3ps um k\u00f6nnunarvi\u00f0r\u00e6\u00f0ur Su\u00f0urnesjab\u00e6jar, Reykjanesb\u00e6jar og Sveitarf\u00e9lagsins Voga um hugsanlega\/m\u00f6gulega sameiningu sveitarf\u00e9laga, en \u00feessi vinna er \u00f3formleg og \u00e1n allra skuldbindinga sveitarf\u00e9laganna. \u00de\u00e1 m\u00e1 einnig nefna a\u00f0 b\u00e6jarr\u00e1\u00f0 sam\u00feykkti a\u00f0 veita b\u00e6jarstj\u00f3ra umbo\u00f0 til a\u00f0 ganga fr\u00e1 samningi vi\u00f0 verktaka um framkv\u00e6mdir vi\u00f0 gatnager\u00f0 \u00ed Skerjahverfi \u00ed Sandger\u00f0i og mun \u00fea\u00f0 verk v\u00e6ntanlega hefjast \u00e1 n\u00e6stu d\u00f6gum. Alltaf n\u00f3g um a\u00f0 vera hj\u00e1 b\u00e6jarr\u00e1\u00f0i.<\/p>\n\n\n\n<p><strong>FabLab Su\u00f0urnes<\/strong><\/p>\n\n\n\n<p>Fyrir nokkrum d\u00f6gum var bo\u00f0i\u00f0 til opnunar FabLab smi\u00f0junnar sem sta\u00f0sett er \u00ed Fj\u00f6lbrautask\u00f3la Su\u00f0urnesja. Fj\u00f6ldi manns m\u00e6tti \u00ed smi\u00f0juna og kynntu s\u00e9r \u00fe\u00e1 starfsemi sem \u00fear er \u00ed bo\u00f0i. Svona FabLab smi\u00f0jur hafa veri\u00f0 starfr\u00e6ktar \u00e1 nokkrum st\u00f6\u00f0um \u00ed landinu og hefur or\u00f0i\u00f0 g\u00f3\u00f0ur \u00e1rangur af \u00feeim. FabLab Su\u00f0urnes er opin \u00f6llum sem hafa hugmyndir og vantar vettvang til a\u00f0 vinna a\u00f0 \u00feeim og koma \u00feeim \u00e1 fyrstu skref til \u00farvinnslu. \u00c1st\u00e6\u00f0a er til a\u00f0 hvetja alla sem hafa sl\u00edkar hugmyndir til a\u00f0 l\u00edta vi\u00f0 \u00ed FabLab Su\u00f0urnes \u00ed fj\u00f6lbrautask\u00f3lanum, f\u00e1 lei\u00f0s\u00f6gn og a\u00f0sto\u00f0 vi\u00f0 a\u00f0 vinna \u00far s\u00ednum hugmyndum. Verkefnisstj\u00f3ri FabLab Su\u00f0urnes er Vihj\u00e1lmur Magn\u00fasson, en hann starfa\u00f0i m.a. vi\u00f0 FabLab smi\u00f0ju \u00e1 H\u00f6fn og hefur \u00fev\u00ed g\u00f3\u00f0a reynslu af svona starfsemi. \u00c1 myndinni h\u00e9r a\u00f0 ne\u00f0an er b\u00e6jarstj\u00f3ri \u00e1samt \u00feeim Vilhj\u00e1lmi og Kristj\u00e1ni sk\u00f3lameistara Fj\u00f6lbrautask\u00f3la Su\u00f0urnesja \u00feegar formleg opnun FabLab Su\u00f0urnes var s\u00ed\u00f0asta f\u00f6studag.<\/p>\n\n\n\n<figure class=\"wp-block-image size-full is-resized\"><a href=\"https:\/\/molar.sudurnesjabaer.is\/wp-content\/uploads\/2024\/02\/FabLab-Sudurnes-feb24.jpg\"><img loading=\"lazy\" decoding=\"async\" width=\"480\" height=\"640\" src=\"https:\/\/molar.sudurnesjabaer.is\/wp-content\/uploads\/2024\/02\/FabLab-Sudurnes-feb24.jpg\" alt=\"\" class=\"wp-image-2036\" style=\"width:316px;height:auto\" srcset=\"https:\/\/molar.sudurnesjabaer.is\/wp-content\/uploads\/2024\/02\/FabLab-Sudurnes-feb24.jpg 480w, https:\/\/molar.sudurnesjabaer.is\/wp-content\/uploads\/2024\/02\/FabLab-Sudurnes-feb24-225x300.jpg 225w, https:\/\/molar.sudurnesjabaer.is\/wp-content\/uploads\/2024\/02\/FabLab-Sudurnes-feb24-305x406.jpg 305w\" sizes=\"(max-width: 480px) 100vw, 480px\" \/><\/a><\/figure>\n\n\n\n<p><strong>G\u00f3\u00f0ir gestir fr\u00e1 Grundarfir\u00f0i<\/strong><\/p>\n\n\n\n<p>\u00dea\u00f0 er alltaf \u00e1n\u00e6gjulegt a\u00f0 taka \u00e1 m\u00f3ti g\u00f3\u00f0um gestum. N\u00fa \u00ed dag, f\u00f6studag kom b\u00e6jarstj\u00f3rn, b\u00e6jarstj\u00f3ri og skipulagsfulltr\u00fai Grundarfjar\u00f0arb\u00e6jar \u00ed heims\u00f3kn. \u00deau eru a\u00f0 kynna s\u00e9r \u00e1kve\u00f0in m\u00e1l var\u00f0andi skipulagsm\u00e1l og uppbyggingu og b\u00e6jarstj\u00f3rinn kynnti Su\u00f0urnesjab\u00e6 fyrir gestunum. Skipulagsfulltr\u00fai Grundarfjar\u00f0arb\u00e6jar er Sigur\u00f0ur Valur \u00c1sbjarnarson, sem \u00e1 \u00e1rum fyrr var b\u00e6jarstj\u00f3ri Sandger\u00f0isb\u00e6jar og var \u00e1hugavert a\u00f0 heyra hann fara yfir \u00fdmis m\u00e1lefni fr\u00e1 \u00fev\u00ed hann starfa\u00f0i sem b\u00e6jarstj\u00f3ri \u00ed Sandger\u00f0isb\u00e6. Undirrita\u00f0ur var fyrir nokkru s\u00ed\u00f0an sveitarstj\u00f3ri Eyrarsveitar, eins og Grundarfjar\u00f0arb\u00e6r h\u00e9t \u00e1 \u00feeim t\u00edma, \u00fea\u00f0 var \u00e1 \u00e1runum 1990-1995. \u00dea\u00f0 var \u00fev\u00ed s\u00e9rst\u00f6k \u00e1n\u00e6gja a\u00f0 taka \u00e1 m\u00f3ti grundfir\u00f0ingunum, enda eru \u00ed \u00feeim h\u00f3pi g\u00f3\u00f0ir vinir fr\u00e1 fyrri t\u00ed\u00f0. N\u00faverandi b\u00e6jarstj\u00f3ri Grundarfjar\u00f0arb\u00e6jar er Bj\u00f6rg \u00c1g\u00fastsd\u00f3ttir, en h\u00fan t\u00f3k einmitt vi\u00f0 starfi sveitarstj\u00f3ra Eyrarsveitar \u00feegar undirrita\u00f0ur l\u00e9t af \u00fev\u00ed starfi \u00e1ri\u00f0 1995, en r\u00e9tt a\u00f0 geta \u00feess a\u00f0 Bj\u00f6rg hefur ekki samfellt starfa\u00f0 sem sveitar-og b\u00e6jarstj\u00f3ri \u00ed Grundarfir\u00f0i allan \u00feennan t\u00edma en gert \u00fea\u00f0 me\u00f0 hl\u00e9um, en starfst\u00edmi hennar er or\u00f0inn ansi langur og fars\u00e6ll. H\u00e9r fyrir ne\u00f0an eru myndir fr\u00e1 heims\u00f3knin b\u00e6jarstj\u00f3rnar Grundarfjar\u00f0arb\u00e6jar, annars vegar gestirnir \u00e1samt b\u00e6jarstj\u00f3ra og hins vegar b\u00e6jarstj\u00f3rar Su\u00f0urnesjab\u00e6jar og Grundarfjar\u00f0arb\u00e6jar \u00e1samt J\u00f3sep forseta b\u00e6jarstj\u00f3rnar Grundarfjar\u00f0arb\u00e6jar.  Bestu \u00feakkir fyrir \u00e1n\u00e6gjulega heims\u00f3kn k\u00e6ru grundfir\u00f0ingar.<\/p>\n\n\n\n<figure class=\"wp-block-image size-large is-resized\"><a href=\"https:\/\/molar.sudurnesjabaer.is\/wp-content\/uploads\/2024\/03\/Grundarfj.baejarstjorn-o.fl_.010324.jpg\"><img loading=\"lazy\" decoding=\"async\" width=\"1024\" height=\"768\" src=\"https:\/\/molar.sudurnesjabaer.is\/wp-content\/uploads\/2024\/03\/Grundarfj.baejarstjorn-o.fl_.010324-1024x768.jpg\" alt=\"\" class=\"wp-image-2039\" style=\"width:505px;height:auto\" srcset=\"https:\/\/molar.sudurnesjabaer.is\/wp-content\/uploads\/2024\/03\/Grundarfj.baejarstjorn-o.fl_.010324-1024x768.jpg 1024w, https:\/\/molar.sudurnesjabaer.is\/wp-content\/uploads\/2024\/03\/Grundarfj.baejarstjorn-o.fl_.010324-300x225.jpg 300w, https:\/\/molar.sudurnesjabaer.is\/wp-content\/uploads\/2024\/03\/Grundarfj.baejarstjorn-o.fl_.010324-768x576.jpg 768w, https:\/\/molar.sudurnesjabaer.is\/wp-content\/uploads\/2024\/03\/Grundarfj.baejarstjorn-o.fl_.010324-1536x1152.jpg 1536w, https:\/\/molar.sudurnesjabaer.is\/wp-content\/uploads\/2024\/03\/Grundarfj.baejarstjorn-o.fl_.010324-541x406.jpg 541w, https:\/\/molar.sudurnesjabaer.is\/wp-content\/uploads\/2024\/03\/Grundarfj.baejarstjorn-o.fl_.010324.jpg 2016w\" sizes=\"(max-width: 1024px) 100vw, 1024px\" \/><\/a><\/figure>\n\n\n\n<figure class=\"wp-block-image size-large is-resized\"><a href=\"https:\/\/molar.sudurnesjabaer.is\/wp-content\/uploads\/2024\/03\/Grundarfj.010324.baejarstjori.jpg\"><img loading=\"lazy\" decoding=\"async\" width=\"768\" height=\"1024\" src=\"https:\/\/molar.sudurnesjabaer.is\/wp-content\/uploads\/2024\/03\/Grundarfj.010324.baejarstjori-768x1024.jpg\" alt=\"\" class=\"wp-image-2040\" style=\"width:505px;height:auto\" srcset=\"https:\/\/molar.sudurnesjabaer.is\/wp-content\/uploads\/2024\/03\/Grundarfj.010324.baejarstjori-768x1024.jpg 768w, https:\/\/molar.sudurnesjabaer.is\/wp-content\/uploads\/2024\/03\/Grundarfj.010324.baejarstjori-225x300.jpg 225w, https:\/\/molar.sudurnesjabaer.is\/wp-content\/uploads\/2024\/03\/Grundarfj.010324.baejarstjori-1152x1536.jpg 1152w, https:\/\/molar.sudurnesjabaer.is\/wp-content\/uploads\/2024\/03\/Grundarfj.010324.baejarstjori-305x406.jpg 305w, https:\/\/molar.sudurnesjabaer.is\/wp-content\/uploads\/2024\/03\/Grundarfj.010324.baejarstjori.jpg 1512w\" sizes=\"(max-width: 768px) 100vw, 768px\" \/><\/a><\/figure>\n\n\n\n<p><strong>G\u00f3\u00f0a helgi.<\/strong><\/p>\n<a class=\"synved-social-button synved-social-button-share synved-social-size-32 synved-social-resolution-single synved-social-provider-facebook nolightbox\" data-provider=\"facebook\" target=\"_blank\" rel=\"nofollow\" title=\"Deila \u00e1 F\u00e9sb\u00f3k\" href=\"http:\/\/www.facebook.com\/sharer.php?u=https%3A%2F%2Fmolar.sudurnesjabaer.is%2Findex.php%3Frest_route%3D%252Fwp%252Fv2%252Fposts%252F2035&#038;t=Hlaup%C3%A1r&#038;s=100&#038;p&#091;url&#093;=https%3A%2F%2Fmolar.sudurnesjabaer.is%2Findex.php%3Frest_route%3D%252Fwp%252Fv2%252Fposts%252F2035&#038;p&#091;images&#093;&#091;0&#093;=https%3A%2F%2Fmolar.sudurnesjabaer.is%2Fwp-content%2Fuploads%2F2024%2F02%2FFabLab-Sudurnes-feb24.jpg&#038;p&#091;title&#093;=Hlaup%C3%A1r\" style=\"font-size: 0px; width:32px;height:32px;margin:0;margin-bottom:5px;margin-right:5px;\"><img loading=\"lazy\" decoding=\"async\" alt=\"Facebook\" title=\"Deila \u00e1 F\u00e9sb\u00f3k\" class=\"synved-share-image synved-social-image synved-social-image-share\" width=\"32\" height=\"32\" style=\"display: inline; width:32px;height:32px; margin: 0; padding: 0; border: none; box-shadow: none;\" src=\"https:\/\/molar.sudurnesjabaer.is\/wp-content\/plugins\/social-media-feather\/synved-social\/image\/social\/regular\/64x64\/facebook.png\" \/><\/a><a class=\"synved-social-button synved-social-button-share synved-social-size-32 synved-social-resolution-single synved-social-provider-twitter nolightbox\" data-provider=\"twitter\" target=\"_blank\" rel=\"nofollow\" title=\"Deila \u00e1 Twitter\" href=\"https:\/\/twitter.com\/intent\/tweet?url=https%3A%2F%2Fmolar.sudurnesjabaer.is%2Findex.php%3Frest_route%3D%252Fwp%252Fv2%252Fposts%252F2035&#038;text=%C3%9Eetta%20vakti%20athygli%20m%C3%ADna\" style=\"font-size: 0px; width:32px;height:32px;margin:0;margin-bottom:5px;margin-right:5px;\"><img loading=\"lazy\" decoding=\"async\" alt=\"twitter\" title=\"Deila \u00e1 Twitter\" class=\"synved-share-image synved-social-image synved-social-image-share\" width=\"32\" height=\"32\" style=\"display: inline; width:32px;height:32px; margin: 0; padding: 0; border: none; box-shadow: none;\" src=\"https:\/\/molar.sudurnesjabaer.is\/wp-content\/plugins\/social-media-feather\/synved-social\/image\/social\/regular\/64x64\/twitter.png\" \/><\/a><a class=\"synved-social-button synved-social-button-share synved-social-size-32 synved-social-resolution-single synved-social-provider-mail nolightbox\" data-provider=\"mail\" rel=\"nofollow\" title=\"Senda grein \u00ed t\u00f6lvup\u00f3sti\" href=\"mailto:?subject=Hlaup%C3%A1r&#038;body=%C3%9Eetta%20vakti%20athygli%20m%C3%ADna:%20https%3A%2F%2Fmolar.sudurnesjabaer.is%2Findex.php%3Frest_route%3D%252Fwp%252Fv2%252Fposts%252F2035\" style=\"font-size: 0px; width:32px;height:32px;margin:0;margin-bottom:5px;\"><img loading=\"lazy\" decoding=\"async\" alt=\"mail\" title=\"Senda grein \u00ed t\u00f6lvup\u00f3sti\" class=\"synved-share-image synved-social-image synved-social-image-share\" width=\"32\" height=\"32\" style=\"display: inline; width:32px;height:32px; margin: 0; padding: 0; border: none; box-shadow: none;\" src=\"https:\/\/molar.sudurnesjabaer.is\/wp-content\/plugins\/social-media-feather\/synved-social\/image\/social\/regular\/64x64\/mail.png\" \/><\/a>","protected":false},"excerpt":{"rendered":"<p>Hlaup\u00e1rsdagurinn 29. febr\u00faar \u00c1 fj\u00f6gurra \u00e1ra fresti er svokalla\u00f0 hlaup\u00e1r og \u00feau \u00e1r telur febr\u00faarm\u00e1nu\u00f0ur 29 daga en ekki 28 daga eins og \u00f6nnur \u00e1r. \u00cd almanaki H\u00e1sk\u00f3la \u00cdslands er eftirfarandi almanakssk\u00fdring \u00e1 hlaup\u00e1ri: \u201eHlaup\u00e1r er almanaks\u00e1r sem er degi lengra en venjuleg almanaks\u00e1r, \u00fe.e. 366 dagar \u00ed sta\u00f0 365. Hlaup\u00e1r eru alltaf \u00feegar talan &hellip; <a href=\"https:\/\/molar.sudurnesjabaer.is\/?p=2035\" class=\"more-link\">Halda \u00e1fram a\u00f0 lesa: <span class=\"screen-reader-text\">Hlaup\u00e1r<\/span><\/a><\/p>\n","protected":false},"author":3,"featured_media":0,"comment_status":"closed","ping_status":"closed","sticky":false,"template":"","format":"standard","meta":{"_mi_skip_tracking":false,"_exactmetrics_sitenote_active":false,"_exactmetrics_sitenote_note":"","_exactmetrics_sitenote_category":0,"footnotes":""},"categories":[18],"tags":[],"_links":{"self":[{"href":"https:\/\/molar.sudurnesjabaer.is\/index.php?rest_route=\/wp\/v2\/posts\/2035"}],"collection":[{"href":"https:\/\/molar.sudurnesjabaer.is\/index.php?rest_route=\/wp\/v2\/posts"}],"about":[{"href":"https:\/\/molar.sudurnesjabaer.is\/index.php?rest_route=\/wp\/v2\/types\/post"}],"author":[{"embeddable":true,"href":"https:\/\/molar.sudurnesjabaer.is\/index.php?rest_route=\/wp\/v2\/users\/3"}],"replies":[{"embeddable":true,"href":"https:\/\/molar.sudurnesjabaer.is\/index.php?rest_route=%2Fwp%2Fv2%2Fcomments&post=2035"}],"version-history":[{"count":3,"href":"https:\/\/molar.sudurnesjabaer.is\/index.php?rest_route=\/wp\/v2\/posts\/2035\/revisions"}],"predecessor-version":[{"id":2041,"href":"https:\/\/molar.sudurnesjabaer.is\/index.php?rest_route=\/wp\/v2\/posts\/2035\/revisions\/2041"}],"wp:attachment":[{"href":"https:\/\/molar.sudurnesjabaer.is\/index.php?rest_route=%2Fwp%2Fv2%2Fmedia&parent=2035"}],"wp:term":[{"taxonomy":"category","embeddable":true,"href":"https:\/\/molar.sudurnesjabaer.is\/index.php?rest_route=%2Fwp%2Fv2%2Fcategories&post=2035"},{"taxonomy":"post_tag","embeddable":true,"href":"https:\/\/molar.sudurnesjabaer.is\/index.php?rest_route=%2Fwp%2Fv2%2Ftags&post=2035"}],"curies":[{"name":"wp","href":"https:\/\/api.w.org\/{rel}","templated":true}]}}