{"id":2048,"date":"2024-03-22T16:10:10","date_gmt":"2024-03-22T16:10:10","guid":{"rendered":"https:\/\/molar.sudurnesjabaer.is\/?p=2048"},"modified":"2024-03-22T16:10:10","modified_gmt":"2024-03-22T16:10:10","slug":"uppskeruhatidir-skolabarna","status":"publish","type":"post","link":"https:\/\/molar.sudurnesjabaer.is\/?p=2048","title":{"rendered":"Uppskeruh\u00e1t\u00ed\u00f0ir sk\u00f3labarna"},"content":{"rendered":"\n<p><strong>\u00c1rh\u00e1t\u00ed\u00f0ir og vi\u00f0bur\u00f0ir \u00ed sk\u00f3lum<\/strong><\/p>\n\n\n\n<p>N\u00fa er t\u00edmi \u00e1rsh\u00e1t\u00ed\u00f0a og annarra vi\u00f0bur\u00f0a hj\u00e1 b\u00f6rnunum \u00ed sk\u00f3lunum. \u00cd \u00feessari viku hafa nemendur Sandger\u00f0issk\u00f3la og Ger\u00f0ask\u00f3la haldi\u00f0 s\u00ednar \u00e1rsh\u00e1t\u00ed\u00f0ir og \u00ed s\u00ed\u00f0ustu viku var skemmtilegur vi\u00f0bur\u00f0ur \u00ed Sandger\u00f0issk\u00f3la undir heitinu \u201eRokksk\u00f3linn \u00ed Sandger\u00f0i\u201c. \u00dear stigu \u00e1 stokk efnilegir t\u00f3nlistarmenn \u00ed sk\u00f3lanum og fluttu mj\u00f6g skemmtilegt rokkpr\u00f3gramm.\u00a0 Myndin h\u00e9r a\u00f0 ne\u00f0an er af h\u00f3pnum sem t\u00f3k \u00fe\u00e1tt \u00ed s\u00fdningunni \u00ed Sandger\u00f0issk\u00f3la.<\/p>\n\n\n\n<figure class=\"wp-block-image size-large is-resized\"><a href=\"https:\/\/molar.sudurnesjabaer.is\/wp-content\/uploads\/2024\/03\/Rokkskolinn-Sandgerdi.jpg\"><img loading=\"lazy\" decoding=\"async\" width=\"1024\" height=\"768\" src=\"https:\/\/molar.sudurnesjabaer.is\/wp-content\/uploads\/2024\/03\/Rokkskolinn-Sandgerdi-1024x768.jpg\" alt=\"\" class=\"wp-image-2049\" style=\"width:589px;height:auto\" srcset=\"https:\/\/molar.sudurnesjabaer.is\/wp-content\/uploads\/2024\/03\/Rokkskolinn-Sandgerdi-1024x768.jpg 1024w, https:\/\/molar.sudurnesjabaer.is\/wp-content\/uploads\/2024\/03\/Rokkskolinn-Sandgerdi-300x225.jpg 300w, https:\/\/molar.sudurnesjabaer.is\/wp-content\/uploads\/2024\/03\/Rokkskolinn-Sandgerdi-768x576.jpg 768w, https:\/\/molar.sudurnesjabaer.is\/wp-content\/uploads\/2024\/03\/Rokkskolinn-Sandgerdi-1536x1152.jpg 1536w, https:\/\/molar.sudurnesjabaer.is\/wp-content\/uploads\/2024\/03\/Rokkskolinn-Sandgerdi-541x406.jpg 541w, https:\/\/molar.sudurnesjabaer.is\/wp-content\/uploads\/2024\/03\/Rokkskolinn-Sandgerdi.jpg 2016w\" sizes=\"(max-width: 1024px) 100vw, 1024px\" \/><\/a><\/figure>\n\n\n\n<p><strong>Heims\u00f3kn nemenda Ger\u00f0ask\u00f3la til b\u00e6jarstj\u00f3ra<\/strong><\/p>\n\n\n\n<p>N\u00fa \u00ed vikunni komu ungir nemendur Ger\u00f0ask\u00f3la til b\u00e6jarstj\u00f3ra me\u00f0 undirskriftalista sem nemendur sk\u00f3lans h\u00f6f\u00f0u \u00e1rita\u00f0. Tilefni\u00f0 er a\u00f0 \u00feegar hitaveitul\u00f6gn rofna\u00f0i af v\u00f6ldum eldgoss \u00ed febr\u00faar og heitavatnslaust var \u00e1 Su\u00f0urnesjum, \u00fe\u00e1 var\u00f0 tj\u00f3n \u00e1 g\u00f3lfi \u00ed\u00fer\u00f3ttami\u00f0st\u00f6\u00f0varinnar \u00ed Gar\u00f0i. \u00cd\u00fer\u00f3ttasalurinn hefur veri\u00f0 \u00f3noth\u00e6fur s\u00ed\u00f0an og nemendur sk\u00f3lans hafa ekki geta\u00f0 komist \u00ed \u00ed\u00fer\u00f3ttir \u00ed salnum af \u00feessum v\u00f6ldum. \u00deetta eru nemendur e\u00f0lilega ekki s\u00e1ttir vi\u00f0 og vilja komast \u00ed \u00ed\u00fer\u00f3ttasalinn sem fyrst. \u00deau vir\u00f0ast hins vegar gera s\u00e9r g\u00f3\u00f0a grein fyrir \u00fev\u00ed a\u00f0 \u00fea\u00f0 getur teki\u00f0 t\u00edma a\u00f0 koma \u00ed\u00fer\u00f3ttasalnum aftur \u00ed noth\u00e6ft horf. Undirskriftalistinn er undir \u00feeirri fyrirs\u00f6gn a\u00f0 nemendurnir vilja \u00ed\u00fer\u00f3ttah\u00fasi\u00f0 aftur \u00ed \u00e1g\u00fast. \u00dea\u00f0 er alltaf \u00e1n\u00e6gjulegt a\u00f0 f\u00e1 svona heims\u00f3kn barna til b\u00e6jarstj\u00f3rans og h\u00e9r a\u00f0 ne\u00f0an er mynd af b\u00e6jarstj\u00f3ra og nemendunum \u00feegar \u00fe\u00e6r afhentu b\u00e6jarstj\u00f3ra undirskriftalistann.<\/p>\n\n\n\n<figure class=\"wp-block-image size-large is-resized\"><a href=\"https:\/\/molar.sudurnesjabaer.is\/wp-content\/uploads\/2024\/03\/Undirskriftalisti.210224.jpg\"><img loading=\"lazy\" decoding=\"async\" width=\"768\" height=\"1024\" src=\"https:\/\/molar.sudurnesjabaer.is\/wp-content\/uploads\/2024\/03\/Undirskriftalisti.210224-768x1024.jpg\" alt=\"\" class=\"wp-image-2050\" style=\"width:541px;height:auto\" srcset=\"https:\/\/molar.sudurnesjabaer.is\/wp-content\/uploads\/2024\/03\/Undirskriftalisti.210224-768x1024.jpg 768w, https:\/\/molar.sudurnesjabaer.is\/wp-content\/uploads\/2024\/03\/Undirskriftalisti.210224-225x300.jpg 225w, https:\/\/molar.sudurnesjabaer.is\/wp-content\/uploads\/2024\/03\/Undirskriftalisti.210224-1152x1536.jpg 1152w, https:\/\/molar.sudurnesjabaer.is\/wp-content\/uploads\/2024\/03\/Undirskriftalisti.210224-305x406.jpg 305w, https:\/\/molar.sudurnesjabaer.is\/wp-content\/uploads\/2024\/03\/Undirskriftalisti.210224.jpg 1512w\" sizes=\"(max-width: 768px) 100vw, 768px\" \/><\/a><\/figure>\n\n\n\n<p><strong>B\u00e6jarr\u00e1\u00f0<\/strong><\/p>\n\n\n\n<p>\u00cd s\u00ed\u00f0ustu viku var reglulegur fundur hj\u00e1 b\u00e6jarr\u00e1\u00f0i. A\u00f0 venju voru m\u00f6rg og mismunandi m\u00e1l \u00e1 dagskr\u00e1 fundarins. \u00dear m\u00e1 m.a. nefna erindi vegna 80 \u00e1ra afm\u00e6lis l\u00fd\u00f0veldisins \u00cdsland, me\u00f0 uppl\u00fdsingum um h\u00e1t\u00ed\u00f0ah\u00f6ld af \u00fev\u00ed tilefni. Fjalla\u00f0 var um erindi fr\u00e1 framkv\u00e6mdastj\u00f3ra Sambands \u00edslenskra sveitarf\u00e9laga vegna kjarasamninga, me\u00f0 hvatningu til sveitarf\u00e9laga a\u00f0 endursko\u00f0a \u00fej\u00f3nustugjaldskr\u00e1r og sam\u00feykkti b\u00e6jarr\u00e1\u00f0 a\u00f0 fela b\u00e6jarstj\u00f3ra a\u00f0 koma me\u00f0 till\u00f6gur \u00fear um. \u00de\u00e1 var fjalla\u00f0 um samantekt \u00e1 m\u00f6gulegum byggingarl\u00f3\u00f0um vi\u00f0 \u00feegar bygg\u00f0ar g\u00f6tur og var \u00fev\u00ed m\u00e1li v\u00edsa\u00f0 til \u00farvinnslu hj\u00e1 framkv\u00e6mda-og skipulagsr\u00e1\u00f0i. Loks m\u00e1 nefna a\u00f0 fjalla\u00f0 var um uppbyggingu \u00e1 gervigrasvelli.<\/p>\n\n\n\n<p><strong>Uppbygging n\u00fdrra \u00edb\u00fa\u00f0arhverfa \u00ed Su\u00f0urnesjab\u00e6<\/strong><\/p>\n\n\n\n<p>Mikil eftirspurn er eftir \u00edb\u00fa\u00f0al\u00f3\u00f0um \u00ed Su\u00f0urnesjab\u00e6. N\u00fa \u00ed vikunni sam\u00feykkti framkv\u00e6mda-og skipulagsr\u00e1\u00f0 \u00fathlutun \u00e1 sex l\u00f3\u00f0um undir einb\u00fdlish\u00fas \u00ed Gar\u00f0i og Sandger\u00f0i. Framkv\u00e6mdir standa yfir \u00ed n\u00fdju \u00edb\u00fa\u00f0ahverfi \u00ed Gar\u00f0i og \u00e1 n\u00e6stu d\u00f6gum hefjast framkv\u00e6mdir vi\u00f0 2.\u00e1fanga uppbyggingar Skerjahverfis \u00ed Sandger\u00f0i. Verktaki \u00ed Gar\u00f0i er Gr\u00f6fu\u00fej\u00f3nusta Tryggva Einarssonar og skrifa\u00f0 hefur veri\u00f0 undir verksamning vi\u00f0 Ellert Sk\u00falason ehf um framkv\u00e6mdina \u00ed Skerjahverfi. <\/p>\n\n\n\n<p><strong>Vi\u00f0v\u00f6run um eiturloft \u00ed Gar\u00f0i<\/strong><\/p>\n\n\n\n<p>N\u00fa \u00ed vikunni kom vi\u00f0v\u00f6run fr\u00e1 Umhverfisstofnun og Almannav\u00f6rnum um a\u00f0 loftg\u00e6\u00f0am\u00e6lir \u00ed Gar\u00f0i hafi s\u00fdnt gr\u00ed\u00f0arlega h\u00e1 gildi loftmengunar sem \u00e1liti\u00f0 var a\u00f0 v\u00e6ri af v\u00f6ldum eiturgufa fr\u00e1 eldgosinu \u00e1 Reykjanesi. Vi\u00f0brag\u00f0s\u00e1\u00e6tlun Su\u00f0urnesjab\u00e6jar var strax virkju\u00f0, gefnar \u00fat vi\u00f0varanir og uppl\u00fdsingum komi\u00f0 \u00e1 framf\u00e6ri vi\u00f0 \u00edb\u00faa. Stuttu eftir a\u00f0 vi\u00f0v\u00f6runin var gefin \u00fat kom tilkynning um a\u00f0 vi\u00f0komandi loftg\u00e6\u00f0am\u00e6lir v\u00e6ri bila\u00f0ur og ekkert a\u00f0 marka \u00feessa m\u00e6lingu. \u00deetta var a\u00f0 sj\u00e1lfs\u00f6g\u00f0u \u00f3\u00fe\u00e6gileg upp\u00e1koma, en \u00fea\u00f0 j\u00e1kv\u00e6\u00f0a er a\u00f0 \u00feetta var \u00feegar upp var sta\u00f0i\u00f0 mj\u00f6g g\u00f3\u00f0 \u00e6fing vi\u00f0 a\u00f0 virkja vi\u00f0brag\u00f0s\u00e1\u00e6tlun og t\u00f3kst h\u00fan \u00fev\u00ed mj\u00f6g vel.<\/p>\n\n\n\n<p><strong>Ve\u00f0urfari\u00f0<\/strong><\/p>\n\n\n\n<p>\u00deegar \u00feetta er rita\u00f0 um mi\u00f0jan dag f\u00f6studaginn 22.mars er s\u00f3kskin og bjart ve\u00f0ur, sem oft fylgir nor\u00f0l\u00e6gum \u00e1ttum og er nokkur nor\u00f0l\u00e6gur vindur. Ve\u00f0ri\u00f0 er hi\u00f0 besta, ekki s\u00edst ef mi\u00f0a\u00f0 er vi\u00f0 \u00feennan \u00e1rst\u00edma. \u00cd g\u00e6rkv\u00f6ldi og s\u00ed\u00f0ustu n\u00f3tt snj\u00f3a\u00f0i a\u00f0eins en snj\u00f3inn t\u00f3k flj\u00f3tt upp \u00feegar lei\u00f0 inn \u00ed morguninn. \u00c1g\u00e6t ve\u00f0ursp\u00e1 er fyrir komandi helgi og \u00e6ttu a\u00f0 vera f\u00ednar a\u00f0st\u00e6\u00f0ur til \u00fativistar.<\/p>\n\n\n\n<p><strong>G\u00f3\u00f0a helgi <\/strong><\/p>\n\n\n\n<p><\/p>\n<a class=\"synved-social-button synved-social-button-share synved-social-size-32 synved-social-resolution-single synved-social-provider-facebook nolightbox\" data-provider=\"facebook\" target=\"_blank\" rel=\"nofollow\" title=\"Deila \u00e1 F\u00e9sb\u00f3k\" href=\"http:\/\/www.facebook.com\/sharer.php?u=https%3A%2F%2Fmolar.sudurnesjabaer.is%2Findex.php%3Frest_route%3D%252Fwp%252Fv2%252Fposts%252F2048&#038;t=Uppskeruh%C3%A1t%C3%AD%C3%B0ir%20sk%C3%B3labarna&#038;s=100&#038;p&#091;url&#093;=https%3A%2F%2Fmolar.sudurnesjabaer.is%2Findex.php%3Frest_route%3D%252Fwp%252Fv2%252Fposts%252F2048&#038;p&#091;images&#093;&#091;0&#093;=https%3A%2F%2Fmolar.sudurnesjabaer.is%2Fwp-content%2Fuploads%2F2024%2F03%2FRokkskolinn-Sandgerdi-1024x768.jpg&#038;p&#091;title&#093;=Uppskeruh%C3%A1t%C3%AD%C3%B0ir%20sk%C3%B3labarna\" style=\"font-size: 0px; width:32px;height:32px;margin:0;margin-bottom:5px;margin-right:5px;\"><img loading=\"lazy\" decoding=\"async\" alt=\"Facebook\" title=\"Deila \u00e1 F\u00e9sb\u00f3k\" class=\"synved-share-image synved-social-image synved-social-image-share\" width=\"32\" height=\"32\" style=\"display: inline; width:32px;height:32px; margin: 0; padding: 0; border: none; box-shadow: none;\" src=\"https:\/\/molar.sudurnesjabaer.is\/wp-content\/plugins\/social-media-feather\/synved-social\/image\/social\/regular\/64x64\/facebook.png\" \/><\/a><a class=\"synved-social-button synved-social-button-share synved-social-size-32 synved-social-resolution-single synved-social-provider-twitter nolightbox\" data-provider=\"twitter\" target=\"_blank\" rel=\"nofollow\" title=\"Deila \u00e1 Twitter\" href=\"https:\/\/twitter.com\/intent\/tweet?url=https%3A%2F%2Fmolar.sudurnesjabaer.is%2Findex.php%3Frest_route%3D%252Fwp%252Fv2%252Fposts%252F2048&#038;text=%C3%9Eetta%20vakti%20athygli%20m%C3%ADna\" style=\"font-size: 0px; width:32px;height:32px;margin:0;margin-bottom:5px;margin-right:5px;\"><img loading=\"lazy\" decoding=\"async\" alt=\"twitter\" title=\"Deila \u00e1 Twitter\" class=\"synved-share-image synved-social-image synved-social-image-share\" width=\"32\" height=\"32\" style=\"display: inline; width:32px;height:32px; margin: 0; padding: 0; border: none; box-shadow: none;\" src=\"https:\/\/molar.sudurnesjabaer.is\/wp-content\/plugins\/social-media-feather\/synved-social\/image\/social\/regular\/64x64\/twitter.png\" \/><\/a><a class=\"synved-social-button synved-social-button-share synved-social-size-32 synved-social-resolution-single synved-social-provider-mail nolightbox\" data-provider=\"mail\" rel=\"nofollow\" title=\"Senda grein \u00ed t\u00f6lvup\u00f3sti\" href=\"mailto:?subject=Uppskeruh%C3%A1t%C3%AD%C3%B0ir%20sk%C3%B3labarna&#038;body=%C3%9Eetta%20vakti%20athygli%20m%C3%ADna:%20https%3A%2F%2Fmolar.sudurnesjabaer.is%2Findex.php%3Frest_route%3D%252Fwp%252Fv2%252Fposts%252F2048\" style=\"font-size: 0px; width:32px;height:32px;margin:0;margin-bottom:5px;\"><img loading=\"lazy\" decoding=\"async\" alt=\"mail\" title=\"Senda grein \u00ed t\u00f6lvup\u00f3sti\" class=\"synved-share-image synved-social-image synved-social-image-share\" width=\"32\" height=\"32\" style=\"display: inline; width:32px;height:32px; margin: 0; padding: 0; border: none; box-shadow: none;\" src=\"https:\/\/molar.sudurnesjabaer.is\/wp-content\/plugins\/social-media-feather\/synved-social\/image\/social\/regular\/64x64\/mail.png\" \/><\/a>","protected":false},"excerpt":{"rendered":"<p>\u00c1rh\u00e1t\u00ed\u00f0ir og vi\u00f0bur\u00f0ir \u00ed sk\u00f3lum N\u00fa er t\u00edmi \u00e1rsh\u00e1t\u00ed\u00f0a og annarra vi\u00f0bur\u00f0a hj\u00e1 b\u00f6rnunum \u00ed sk\u00f3lunum. \u00cd \u00feessari viku hafa nemendur Sandger\u00f0issk\u00f3la og Ger\u00f0ask\u00f3la haldi\u00f0 s\u00ednar \u00e1rsh\u00e1t\u00ed\u00f0ir og \u00ed s\u00ed\u00f0ustu viku var skemmtilegur vi\u00f0bur\u00f0ur \u00ed Sandger\u00f0issk\u00f3la undir heitinu \u201eRokksk\u00f3linn \u00ed Sandger\u00f0i\u201c. \u00dear stigu \u00e1 stokk efnilegir t\u00f3nlistarmenn \u00ed sk\u00f3lanum og fluttu mj\u00f6g skemmtilegt rokkpr\u00f3gramm.\u00a0 Myndin &hellip; <a href=\"https:\/\/molar.sudurnesjabaer.is\/?p=2048\" class=\"more-link\">Halda \u00e1fram a\u00f0 lesa: <span class=\"screen-reader-text\">Uppskeruh\u00e1t\u00ed\u00f0ir sk\u00f3labarna<\/span><\/a><\/p>\n","protected":false},"author":3,"featured_media":0,"comment_status":"closed","ping_status":"closed","sticky":false,"template":"","format":"standard","meta":{"_mi_skip_tracking":false,"_exactmetrics_sitenote_active":false,"_exactmetrics_sitenote_note":"","_exactmetrics_sitenote_category":0,"footnotes":""},"categories":[18],"tags":[],"_links":{"self":[{"href":"https:\/\/molar.sudurnesjabaer.is\/index.php?rest_route=\/wp\/v2\/posts\/2048"}],"collection":[{"href":"https:\/\/molar.sudurnesjabaer.is\/index.php?rest_route=\/wp\/v2\/posts"}],"about":[{"href":"https:\/\/molar.sudurnesjabaer.is\/index.php?rest_route=\/wp\/v2\/types\/post"}],"author":[{"embeddable":true,"href":"https:\/\/molar.sudurnesjabaer.is\/index.php?rest_route=\/wp\/v2\/users\/3"}],"replies":[{"embeddable":true,"href":"https:\/\/molar.sudurnesjabaer.is\/index.php?rest_route=%2Fwp%2Fv2%2Fcomments&post=2048"}],"version-history":[{"count":1,"href":"https:\/\/molar.sudurnesjabaer.is\/index.php?rest_route=\/wp\/v2\/posts\/2048\/revisions"}],"predecessor-version":[{"id":2051,"href":"https:\/\/molar.sudurnesjabaer.is\/index.php?rest_route=\/wp\/v2\/posts\/2048\/revisions\/2051"}],"wp:attachment":[{"href":"https:\/\/molar.sudurnesjabaer.is\/index.php?rest_route=%2Fwp%2Fv2%2Fmedia&parent=2048"}],"wp:term":[{"taxonomy":"category","embeddable":true,"href":"https:\/\/molar.sudurnesjabaer.is\/index.php?rest_route=%2Fwp%2Fv2%2Fcategories&post=2048"},{"taxonomy":"post_tag","embeddable":true,"href":"https:\/\/molar.sudurnesjabaer.is\/index.php?rest_route=%2Fwp%2Fv2%2Ftags&post=2048"}],"curies":[{"name":"wp","href":"https:\/\/api.w.org\/{rel}","templated":true}]}}